{"id":1835,"date":"2026-03-13T06:00:00","date_gmt":"2026-03-13T05:00:00","guid":{"rendered":"https:\/\/supercritic.media\/?p=1835"},"modified":"2026-03-13T00:37:04","modified_gmt":"2026-03-12T23:37:04","slug":"calculateurs-dempreinte-carbone-notre-comparatif-et-test","status":"publish","type":"post","link":"https:\/\/supercritic.media\/index.php\/2026\/03\/13\/calculateurs-dempreinte-carbone-notre-comparatif-et-test\/","title":{"rendered":"Et vous, quelle est votre empreinte carbone ? On a test\u00e9 les meilleurs calculateurs pour vous"},"content":{"rendered":"\n<p>Dans un monde o\u00f9 la conscience climatique n&rsquo;a jamais \u00e9t\u00e9 aussi vive, conna\u00eetre son empreinte carbone personnelle est devenu un passage oblig\u00e9 pour quiconque souhaite agir concr\u00e8tement. Mais face \u00e0 la multiplication des outils en ligne, comment s&rsquo;y retrouver ? L\u2019\u00e9quipe <a href=\"https:\/\/supercritic.media\/\">SUPERCRITIC<\/a> a pass\u00e9 au crible quatre calculateurs d&#8217;empreinte carbone de r\u00e9f\u00e9rence pour vous aider \u00e0 mesurer pr\u00e9cis\u00e9ment votre impact sur la plan\u00e8te. Chacun poss\u00e8de ses sp\u00e9cificit\u00e9s, ses forces et sa philosophie. D\u00e9cryptage.<\/p>\n\n\n\n<p><\/p>\n\n\n\n<h2 class=\"wp-block-heading\">Nos Gestes Climat de l&rsquo;Ademe, le champion fran\u00e7ais de la pr\u00e9cision<\/h2>\n\n\n\n<p>D\u00e9velopp\u00e9 en partenariat avec l\u2019ADEME, <a href=\"https:\/\/nosgestesclimat.fr\/\">Nos Gestes Climat<\/a> s&rsquo;impose comme la r\u00e9f\u00e9rence hexagonale en mati\u00e8re de calcul d&#8217;empreinte carbone. Son questionnaire d\u00e9taill\u00e9 explore m\u00e9thodiquement quatre grandes cat\u00e9gories : transport, logement, alimentation et consommation. L&rsquo;interface, pens\u00e9e pour \u00eatre accessible au grand public, guide l&rsquo;utilisateur sans jamais le noyer sous les donn\u00e9es techniques.<\/p>\n\n\n\n<p>La grande force de ce calculateur d&#8217;empreinte carbone, r\u00e9side dans sa m\u00e9thodologie scientifiquement valid\u00e9e et ses donn\u00e9es officielles constamment actualis\u00e9es. En quelques minutes, vous obtenez un r\u00e9sultat exprim\u00e9 en tonnes de CO2 \u00e9quivalent par an, imm\u00e9diatement compar\u00e9 \u00e0 la moyenne nationale fran\u00e7aise qui tourne autour de 9 tonnes. Les visualisations graphiques permettent d&rsquo;identifier en un coup d&rsquo;\u0153il les postes les plus \u00e9metteurs de votre mode de vie.<\/p>\n\n\n\n<p>Ce qui distingue vraiment Nos Gestes Climat, c&rsquo;est sa dimension actionnable. Le simulateur propose des suggestions d&rsquo;actions concr\u00e8tes, personnalis\u00e9es selon votre profil, avec l&rsquo;impact carbone potentiel de chaque changement. Et surtout, cerise sur le g\u00e2teau, l&rsquo;outil est enti\u00e8rement gratuit et ne n\u00e9cessite aucune cr\u00e9ation de compte, respectant ainsi votre vie priv\u00e9e.<\/p>\n\n\n\n<p><\/p>\n\n\n\n<h2 class=\"wp-block-heading\">My CO2 de Carbone 4, l&rsquo;expertise d&rsquo;un cabinet de conseil climat<\/h2>\n\n\n\n<p>Quand un cabinet de conseil sp\u00e9cialis\u00e9 en strat\u00e9gie bas-carbone, conseiller des grandes entreprises et institutions, met son expertise au service du grand public, cela donne <a href=\"https:\/\/www.myco2.com\/calcul-empreinte-carbone-individuelle\">My CO2<\/a>. Cet outil se distingue par son approche professionnelle et sa rigueur m\u00e9thodologique, h\u00e9rit\u00e9e directement des pratiques de Carbone 4 de Jean-Marc Jancovici, r\u00e9f\u00e9rence incontest\u00e9e du secteur.<\/p>\n\n\n\n<p>L&rsquo;\u00e9valuation compl\u00e8te prend entre 15 et 20 minutes et va au-del\u00e0 des \u00e9missions directes \u00e9videntes. My CO2 int\u00e8gre les \u00e9missions indirectes, souvent oubli\u00e9es, ainsi que la part individuelle des services publics et des infrastructures collectives. Cette approche exhaustive offre une vision syst\u00e9mique de votre impact r\u00e9el sur le climat.<\/p>\n\n\n\n<p>Les atouts sont nombreux, cr\u00e9dibilit\u00e9 scientifique irr\u00e9prochable, niveau de d\u00e9tail permettant de comprendre les m\u00e9canismes d&rsquo;\u00e9missions, comparaisons internationales \u00e9clairantes, et surtout un parcours p\u00e9dagogique qui explique chaque poste d&rsquo;\u00e9missions. Pour les esprits curieux et analytiques qui veulent vraiment comprendre les chiffres derri\u00e8re leur impact, My CO2 est un choix de premier ordre.<\/p>\n\n\n\n<p><\/p>\n\n\n\n<h2 class=\"wp-block-heading\">GoodPlanet, la dimension communautaire au service de l&rsquo;engagement<\/h2>\n\n\n\n<p><a href=\"https:\/\/calculateurs.goodplanet.org\/\">GoodPlanet<\/a> incarne une approche diff\u00e9rente, plus visuelle et communautaire. Le calculateur allie simplicit\u00e9 d&rsquo;utilisation et impact \u00e9motionnel gr\u00e2ce \u00e0 des photos percutantes et des infographies engageantes qui rendent le sujet climatique moins abstrait.<\/p>\n\n\n\n<p>Le questionnaire constitue une porte d&rsquo;entr\u00e9e id\u00e9ale pour ceux qui d\u00e9couvrent la notion d&#8217;empreinte carbone. Son focus sur les gestes du quotidien accessibles \u00e0 tous permet une premi\u00e8re sensibilisation sans effet paralysant. L&rsquo;outil ne cherche pas l&rsquo;exhaustivit\u00e9 mais privil\u00e9gie la clart\u00e9 et l&rsquo;encouragement \u00e0 l&rsquo;action.<\/p>\n\n\n\n<p>La particularit\u00e9 de GoodPlanet r\u00e9side dans sa dimension collective, proposition de projets de compensation carbone certifi\u00e9s, communaut\u00e9 d&rsquo;utilisateurs engag\u00e9s avec qui \u00e9changer bonnes pratiques et d\u00e9fis et contenus \u00e9ducatifs r\u00e9guli\u00e8rement renouvel\u00e9s sur les enjeux climatiques contemporains. Pour ceux qui voient l&rsquo;action climatique comme une aventure collective plut\u00f4t qu&rsquo;une d\u00e9marche solitaire, GoodPlanet offre un \u00e9cosyst\u00e8me stimulant.<\/p>\n\n\n\n<p><\/p>\n\n\n\n<h2 class=\"wp-block-heading\">Footprint Calculator, la perspective internationale<\/h2>\n\n\n\n<p>D\u00e9velopp\u00e9 par le Global Footprint Network, organisation de recherche internationale, le <a href=\"https:\/\/www.footprintcalculator.org\/home\/fr\">Footprint Calculator<\/a> propose une vision plan\u00e9taire de votre impact. Disponible en plusieurs langues, cet outil va au-del\u00e0 du seul carbone pour calculer votre empreinte \u00e9cologique globale, int\u00e9grant eau, terre, ressources naturelles.<\/p>\n\n\n\n<p>Sa particularit\u00e9 la plus frappante ? Le r\u00e9sultat s&rsquo;exprime en nombre de plan\u00e8tes n\u00e9cessaires si toute l&rsquo;humanit\u00e9 vivait comme vous. Cette m\u00e9trique, bien que simplificatrice, offre une visualisation saisissante de l&rsquo;insoutenabilit\u00e9 de certains modes de vie. Le calculateur \u00e9tablit \u00e9galement le lien avec le jour du d\u00e9passement, ce moment de l&rsquo;ann\u00e9e o\u00f9 l&rsquo;humanit\u00e9 a consomm\u00e9 l&rsquo;ensemble des ressources que la Terre peut r\u00e9g\u00e9n\u00e9rer annuellement.<\/p>\n\n\n\n<p>Les forces distinctives de cet outil incluent des comparaisons entre pays et modes de vie particuli\u00e8rement instructives, une sensibilisation aux limites plan\u00e9taires, des ressources p\u00e9dagogiques dans une perspective mondiale, et des donn\u00e9es actualis\u00e9es chaque ann\u00e9e. Pour comprendre son impact dans un contexte global, c&rsquo;est l&rsquo;outil le plus pertinent.<\/p>\n\n\n\n<p><\/p>\n\n\n\n<h2 class=\"wp-block-heading\">De la prise de conscience \u00e0 l&rsquo;action, le vrai pouvoir du calcul<\/h2>\n\n\n\n<p>Au-del\u00e0 du chiffre brut, ces calculateurs d&#8217;empreinte carbone, partagent une vertu commune essentielle. Ils transforment un concept abstrait en r\u00e9alit\u00e9 tangible. Conna\u00eetre son empreinte carbone, c&rsquo;est sortir du brouillard de l&rsquo;ignorance pour entrer dans la clart\u00e9 de la responsabilit\u00e9 \u00e9clair\u00e9e.<\/p>\n\n\n\n<p>Cette prise de conscience chiffr\u00e9e constitue le premier pas indispensable vers le changement. Elle permet d&rsquo;identifier les leviers d&rsquo;action les plus efficaces, propres \u00e0 chaque situation personnelle. Inutile de culpabiliser sur de petits gestes si votre v\u00e9ritable impact provient de vols transatlantiques r\u00e9guliers ou d&rsquo;un logement mal isol\u00e9. Les calculateurs r\u00e9v\u00e8lent ces priorit\u00e9s avec une r\u00e9elle objectivit\u00e9.<\/p>\n\n\n\n<p>Surtout, ces calculateurs d&#8217;empreinte carbone, d\u00e9montrent qu&rsquo;agir est possible et mesurable. Chaque modification de comportement, chaque choix plus sobre peut \u00eatre quantifi\u00e9. Cette dimension concr\u00e8te combat efficacement l&rsquo;\u00e9co-anxi\u00e9t\u00e9 paralysante en restaurant le pouvoir d&rsquo;agir. Am\u00e9liorer son impact carbone gr\u00e2ce \u00e0 des changements progressifs n&rsquo;est pas utopique, c&rsquo;est \u00e0 la port\u00e9e de chacun.<\/p>\n\n\n\n<p>Alors, pr\u00eat \u00e0 conna\u00eetre votre chiffre ? Quelques minutes suffisent pour mesurer votre impact et d\u00e9couvrir comment le r\u00e9duire significativement. Car comprendre, c&rsquo;est d\u00e9j\u00e0 commencer \u00e0 agir.<\/p>\n","protected":false},"excerpt":{"rendered":"<p>Dans un monde o\u00f9 la conscience climatique n&rsquo;a jamais \u00e9t\u00e9 aussi vive, conna\u00eetre son empreinte carbone personnelle est devenu un passage oblig\u00e9 pour quiconque souhaite agir concr\u00e8tement. Mais face \u00e0 la multiplication des outils en ligne, comment s&rsquo;y retrouver ? L\u2019\u00e9quipe SUPERCRITIC a pass\u00e9 au crible quatre calculateurs d&#8217;empreinte carbone de r\u00e9f\u00e9rence pour vous aider [&hellip;]<\/p>\n","protected":false},"author":7,"featured_media":1844,"comment_status":"closed","ping_status":"open","sticky":false,"template":"","format":"standard","meta":{"inline_featured_image":false,"footnotes":""},"categories":[16],"tags":[],"class_list":{"0":"post-1835","1":"post","2":"type-post","3":"status-publish","4":"format-standard","5":"has-post-thumbnail","7":"category-societe"},"yoast_head":"<!-- This site is optimized with the Yoast SEO plugin v27.1.1 - https:\/\/yoast.com\/product\/yoast-seo-wordpress\/ -->\n<title>Calculateurs d&#039;empreinte carbone : notre comparatif et test<\/title>\n<meta name=\"description\" content=\"Calculateurs d&#039;empreinte carbone, notre comparatif pour vous aider \u00e0 choisir le v\u00f4tre pour conna\u00eetre votre impact et l&#039;am\u00e9liorer concr\u00e8tement\" \/>\n<meta name=\"robots\" content=\"index, follow, max-snippet:-1, max-image-preview:large, max-video-preview:-1\" \/>\n<link rel=\"canonical\" href=\"https:\/\/supercritic.media\/index.php\/2026\/03\/13\/calculateurs-dempreinte-carbone-notre-comparatif-et-test\/\" \/>\n<meta property=\"og:locale\" content=\"fr_FR\" \/>\n<meta property=\"og:type\" content=\"article\" \/>\n<meta property=\"og:title\" content=\"Calculateurs d&#039;empreinte carbone : notre comparatif et test\" \/>\n<meta property=\"og:description\" content=\"Calculateurs d&#039;empreinte carbone, notre comparatif pour vous aider \u00e0 choisir le v\u00f4tre pour conna\u00eetre votre impact et l&#039;am\u00e9liorer concr\u00e8tement\" \/>\n<meta property=\"og:url\" content=\"https:\/\/supercritic.media\/index.php\/2026\/03\/13\/calculateurs-dempreinte-carbone-notre-comparatif-et-test\/\" \/>\n<meta property=\"og:site_name\" content=\"SUPERCRITIC\" \/>\n<meta property=\"article:published_time\" content=\"2026-03-13T05:00:00+00:00\" \/>\n<meta property=\"og:image\" content=\"https:\/\/supercritic.media\/wp-content\/uploads\/2026\/03\/Calculateurs-dempreinte-carbone.jpg\" \/>\n\t<meta property=\"og:image:width\" content=\"1920\" \/>\n\t<meta property=\"og:image:height\" content=\"1080\" \/>\n\t<meta property=\"og:image:type\" content=\"image\/jpeg\" \/>\n<meta name=\"author\" content=\"Emilie MILCENT\" \/>\n<meta name=\"twitter:card\" content=\"summary_large_image\" \/>\n<meta name=\"twitter:label1\" content=\"\u00c9crit par\" \/>\n\t<meta name=\"twitter:data1\" content=\"Emilie MILCENT\" \/>\n\t<meta name=\"twitter:label2\" content=\"Dur\u00e9e de lecture estim\u00e9e\" \/>\n\t<meta name=\"twitter:data2\" content=\"5 minutes\" \/>\n<script type=\"application\/ld+json\" class=\"yoast-schema-graph\">{\"@context\":\"https:\/\/schema.org\",\"@graph\":[{\"@type\":\"Article\",\"@id\":\"https:\/\/supercritic.media\/index.php\/2026\/03\/13\/calculateurs-dempreinte-carbone-notre-comparatif-et-test\/#article\",\"isPartOf\":{\"@id\":\"https:\/\/supercritic.media\/index.php\/2026\/03\/13\/calculateurs-dempreinte-carbone-notre-comparatif-et-test\/\"},\"author\":{\"name\":\"Emilie MILCENT\",\"@id\":\"https:\/\/supercritic.media\/#\/schema\/person\/eadb0b02756ef68670594df3577e04f4\"},\"headline\":\"Et vous, quelle est votre empreinte carbone ? On a test\u00e9 les meilleurs calculateurs pour vous\",\"datePublished\":\"2026-03-13T05:00:00+00:00\",\"mainEntityOfPage\":{\"@id\":\"https:\/\/supercritic.media\/index.php\/2026\/03\/13\/calculateurs-dempreinte-carbone-notre-comparatif-et-test\/\"},\"wordCount\":1019,\"publisher\":{\"@id\":\"https:\/\/supercritic.media\/#organization\"},\"image\":{\"@id\":\"https:\/\/supercritic.media\/index.php\/2026\/03\/13\/calculateurs-dempreinte-carbone-notre-comparatif-et-test\/#primaryimage\"},\"thumbnailUrl\":\"https:\/\/supercritic.media\/wp-content\/uploads\/2026\/03\/Calculateurs-dempreinte-carbone.jpg\",\"articleSection\":[\"SOCIETE\"],\"inLanguage\":\"fr-FR\"},{\"@type\":\"WebPage\",\"@id\":\"https:\/\/supercritic.media\/index.php\/2026\/03\/13\/calculateurs-dempreinte-carbone-notre-comparatif-et-test\/\",\"url\":\"https:\/\/supercritic.media\/index.php\/2026\/03\/13\/calculateurs-dempreinte-carbone-notre-comparatif-et-test\/\",\"name\":\"Calculateurs d'empreinte carbone : notre comparatif et test\",\"isPartOf\":{\"@id\":\"https:\/\/supercritic.media\/#website\"},\"primaryImageOfPage\":{\"@id\":\"https:\/\/supercritic.media\/index.php\/2026\/03\/13\/calculateurs-dempreinte-carbone-notre-comparatif-et-test\/#primaryimage\"},\"image\":{\"@id\":\"https:\/\/supercritic.media\/index.php\/2026\/03\/13\/calculateurs-dempreinte-carbone-notre-comparatif-et-test\/#primaryimage\"},\"thumbnailUrl\":\"https:\/\/supercritic.media\/wp-content\/uploads\/2026\/03\/Calculateurs-dempreinte-carbone.jpg\",\"datePublished\":\"2026-03-13T05:00:00+00:00\",\"description\":\"Calculateurs d'empreinte carbone, notre comparatif pour vous aider \u00e0 choisir le v\u00f4tre pour conna\u00eetre votre impact et l'am\u00e9liorer concr\u00e8tement\",\"breadcrumb\":{\"@id\":\"https:\/\/supercritic.media\/index.php\/2026\/03\/13\/calculateurs-dempreinte-carbone-notre-comparatif-et-test\/#breadcrumb\"},\"inLanguage\":\"fr-FR\",\"potentialAction\":[{\"@type\":\"ReadAction\",\"target\":[\"https:\/\/supercritic.media\/index.php\/2026\/03\/13\/calculateurs-dempreinte-carbone-notre-comparatif-et-test\/\"]}]},{\"@type\":\"ImageObject\",\"inLanguage\":\"fr-FR\",\"@id\":\"https:\/\/supercritic.media\/index.php\/2026\/03\/13\/calculateurs-dempreinte-carbone-notre-comparatif-et-test\/#primaryimage\",\"url\":\"https:\/\/supercritic.media\/wp-content\/uploads\/2026\/03\/Calculateurs-dempreinte-carbone.jpg\",\"contentUrl\":\"https:\/\/supercritic.media\/wp-content\/uploads\/2026\/03\/Calculateurs-dempreinte-carbone.jpg\",\"width\":1920,\"height\":1080,\"caption\":\"Calculateurs-dempreinte-carbone\"},{\"@type\":\"BreadcrumbList\",\"@id\":\"https:\/\/supercritic.media\/index.php\/2026\/03\/13\/calculateurs-dempreinte-carbone-notre-comparatif-et-test\/#breadcrumb\",\"itemListElement\":[{\"@type\":\"ListItem\",\"position\":1,\"name\":\"Accueil\",\"item\":\"https:\/\/supercritic.media\/\"},{\"@type\":\"ListItem\",\"position\":2,\"name\":\"Et vous, quelle est votre empreinte carbone ? On a test\u00e9 les meilleurs calculateurs pour vous\"}]},{\"@type\":\"WebSite\",\"@id\":\"https:\/\/supercritic.media\/#website\",\"url\":\"https:\/\/supercritic.media\/\",\"name\":\"SUPERCRITIC\",\"description\":\"\",\"publisher\":{\"@id\":\"https:\/\/supercritic.media\/#organization\"},\"potentialAction\":[{\"@type\":\"SearchAction\",\"target\":{\"@type\":\"EntryPoint\",\"urlTemplate\":\"https:\/\/supercritic.media\/?s={search_term_string}\"},\"query-input\":{\"@type\":\"PropertyValueSpecification\",\"valueRequired\":true,\"valueName\":\"search_term_string\"}}],\"inLanguage\":\"fr-FR\"},{\"@type\":\"Organization\",\"@id\":\"https:\/\/supercritic.media\/#organization\",\"name\":\"SUPERCRITIC\",\"url\":\"https:\/\/supercritic.media\/\",\"logo\":{\"@type\":\"ImageObject\",\"inLanguage\":\"fr-FR\",\"@id\":\"https:\/\/supercritic.media\/#\/schema\/logo\/image\/\",\"url\":\"https:\/\/supercritic.media\/wp-content\/uploads\/2025\/06\/Logo-supercritic-0.png\",\"contentUrl\":\"https:\/\/supercritic.media\/wp-content\/uploads\/2025\/06\/Logo-supercritic-0.png\",\"width\":114,\"height\":725,\"caption\":\"SUPERCRITIC\"},\"image\":{\"@id\":\"https:\/\/supercritic.media\/#\/schema\/logo\/image\/\"},\"sameAs\":[\"https:\/\/www.instagram.com\/supercritic.magazine\/?hl=fr\"]},{\"@type\":\"Person\",\"@id\":\"https:\/\/supercritic.media\/#\/schema\/person\/eadb0b02756ef68670594df3577e04f4\",\"name\":\"Emilie MILCENT\",\"url\":\"https:\/\/supercritic.media\/index.php\/author\/emilcent\/\"}]}<\/script>\n<!-- \/ Yoast SEO plugin. -->","yoast_head_json":{"title":"Calculateurs d'empreinte carbone : notre comparatif et test","description":"Calculateurs d'empreinte carbone, notre comparatif pour vous aider \u00e0 choisir le v\u00f4tre pour conna\u00eetre votre impact et l'am\u00e9liorer concr\u00e8tement","robots":{"index":"index","follow":"follow","max-snippet":"max-snippet:-1","max-image-preview":"max-image-preview:large","max-video-preview":"max-video-preview:-1"},"canonical":"https:\/\/supercritic.media\/index.php\/2026\/03\/13\/calculateurs-dempreinte-carbone-notre-comparatif-et-test\/","og_locale":"fr_FR","og_type":"article","og_title":"Calculateurs d'empreinte carbone : notre comparatif et test","og_description":"Calculateurs d'empreinte carbone, notre comparatif pour vous aider \u00e0 choisir le v\u00f4tre pour conna\u00eetre votre impact et l'am\u00e9liorer concr\u00e8tement","og_url":"https:\/\/supercritic.media\/index.php\/2026\/03\/13\/calculateurs-dempreinte-carbone-notre-comparatif-et-test\/","og_site_name":"SUPERCRITIC","article_published_time":"2026-03-13T05:00:00+00:00","og_image":[{"width":1920,"height":1080,"url":"https:\/\/supercritic.media\/wp-content\/uploads\/2026\/03\/Calculateurs-dempreinte-carbone.jpg","type":"image\/jpeg"}],"author":"Emilie MILCENT","twitter_card":"summary_large_image","twitter_misc":{"\u00c9crit par":"Emilie MILCENT","Dur\u00e9e de lecture estim\u00e9e":"5 minutes"},"schema":{"@context":"https:\/\/schema.org","@graph":[{"@type":"Article","@id":"https:\/\/supercritic.media\/index.php\/2026\/03\/13\/calculateurs-dempreinte-carbone-notre-comparatif-et-test\/#article","isPartOf":{"@id":"https:\/\/supercritic.media\/index.php\/2026\/03\/13\/calculateurs-dempreinte-carbone-notre-comparatif-et-test\/"},"author":{"name":"Emilie MILCENT","@id":"https:\/\/supercritic.media\/#\/schema\/person\/eadb0b02756ef68670594df3577e04f4"},"headline":"Et vous, quelle est votre empreinte carbone ? On a test\u00e9 les meilleurs calculateurs pour vous","datePublished":"2026-03-13T05:00:00+00:00","mainEntityOfPage":{"@id":"https:\/\/supercritic.media\/index.php\/2026\/03\/13\/calculateurs-dempreinte-carbone-notre-comparatif-et-test\/"},"wordCount":1019,"publisher":{"@id":"https:\/\/supercritic.media\/#organization"},"image":{"@id":"https:\/\/supercritic.media\/index.php\/2026\/03\/13\/calculateurs-dempreinte-carbone-notre-comparatif-et-test\/#primaryimage"},"thumbnailUrl":"https:\/\/supercritic.media\/wp-content\/uploads\/2026\/03\/Calculateurs-dempreinte-carbone.jpg","articleSection":["SOCIETE"],"inLanguage":"fr-FR"},{"@type":"WebPage","@id":"https:\/\/supercritic.media\/index.php\/2026\/03\/13\/calculateurs-dempreinte-carbone-notre-comparatif-et-test\/","url":"https:\/\/supercritic.media\/index.php\/2026\/03\/13\/calculateurs-dempreinte-carbone-notre-comparatif-et-test\/","name":"Calculateurs d'empreinte carbone : notre comparatif et test","isPartOf":{"@id":"https:\/\/supercritic.media\/#website"},"primaryImageOfPage":{"@id":"https:\/\/supercritic.media\/index.php\/2026\/03\/13\/calculateurs-dempreinte-carbone-notre-comparatif-et-test\/#primaryimage"},"image":{"@id":"https:\/\/supercritic.media\/index.php\/2026\/03\/13\/calculateurs-dempreinte-carbone-notre-comparatif-et-test\/#primaryimage"},"thumbnailUrl":"https:\/\/supercritic.media\/wp-content\/uploads\/2026\/03\/Calculateurs-dempreinte-carbone.jpg","datePublished":"2026-03-13T05:00:00+00:00","description":"Calculateurs d'empreinte carbone, notre comparatif pour vous aider \u00e0 choisir le v\u00f4tre pour conna\u00eetre votre impact et l'am\u00e9liorer concr\u00e8tement","breadcrumb":{"@id":"https:\/\/supercritic.media\/index.php\/2026\/03\/13\/calculateurs-dempreinte-carbone-notre-comparatif-et-test\/#breadcrumb"},"inLanguage":"fr-FR","potentialAction":[{"@type":"ReadAction","target":["https:\/\/supercritic.media\/index.php\/2026\/03\/13\/calculateurs-dempreinte-carbone-notre-comparatif-et-test\/"]}]},{"@type":"ImageObject","inLanguage":"fr-FR","@id":"https:\/\/supercritic.media\/index.php\/2026\/03\/13\/calculateurs-dempreinte-carbone-notre-comparatif-et-test\/#primaryimage","url":"https:\/\/supercritic.media\/wp-content\/uploads\/2026\/03\/Calculateurs-dempreinte-carbone.jpg","contentUrl":"https:\/\/supercritic.media\/wp-content\/uploads\/2026\/03\/Calculateurs-dempreinte-carbone.jpg","width":1920,"height":1080,"caption":"Calculateurs-dempreinte-carbone"},{"@type":"BreadcrumbList","@id":"https:\/\/supercritic.media\/index.php\/2026\/03\/13\/calculateurs-dempreinte-carbone-notre-comparatif-et-test\/#breadcrumb","itemListElement":[{"@type":"ListItem","position":1,"name":"Accueil","item":"https:\/\/supercritic.media\/"},{"@type":"ListItem","position":2,"name":"Et vous, quelle est votre empreinte carbone ? On a test\u00e9 les meilleurs calculateurs pour vous"}]},{"@type":"WebSite","@id":"https:\/\/supercritic.media\/#website","url":"https:\/\/supercritic.media\/","name":"SUPERCRITIC","description":"","publisher":{"@id":"https:\/\/supercritic.media\/#organization"},"potentialAction":[{"@type":"SearchAction","target":{"@type":"EntryPoint","urlTemplate":"https:\/\/supercritic.media\/?s={search_term_string}"},"query-input":{"@type":"PropertyValueSpecification","valueRequired":true,"valueName":"search_term_string"}}],"inLanguage":"fr-FR"},{"@type":"Organization","@id":"https:\/\/supercritic.media\/#organization","name":"SUPERCRITIC","url":"https:\/\/supercritic.media\/","logo":{"@type":"ImageObject","inLanguage":"fr-FR","@id":"https:\/\/supercritic.media\/#\/schema\/logo\/image\/","url":"https:\/\/supercritic.media\/wp-content\/uploads\/2025\/06\/Logo-supercritic-0.png","contentUrl":"https:\/\/supercritic.media\/wp-content\/uploads\/2025\/06\/Logo-supercritic-0.png","width":114,"height":725,"caption":"SUPERCRITIC"},"image":{"@id":"https:\/\/supercritic.media\/#\/schema\/logo\/image\/"},"sameAs":["https:\/\/www.instagram.com\/supercritic.magazine\/?hl=fr"]},{"@type":"Person","@id":"https:\/\/supercritic.media\/#\/schema\/person\/eadb0b02756ef68670594df3577e04f4","name":"Emilie MILCENT","url":"https:\/\/supercritic.media\/index.php\/author\/emilcent\/"}]}},"_links":{"self":[{"href":"https:\/\/supercritic.media\/index.php\/wp-json\/wp\/v2\/posts\/1835","targetHints":{"allow":["GET"]}}],"collection":[{"href":"https:\/\/supercritic.media\/index.php\/wp-json\/wp\/v2\/posts"}],"about":[{"href":"https:\/\/supercritic.media\/index.php\/wp-json\/wp\/v2\/types\/post"}],"author":[{"embeddable":true,"href":"https:\/\/supercritic.media\/index.php\/wp-json\/wp\/v2\/users\/7"}],"replies":[{"embeddable":true,"href":"https:\/\/supercritic.media\/index.php\/wp-json\/wp\/v2\/comments?post=1835"}],"version-history":[{"count":4,"href":"https:\/\/supercritic.media\/index.php\/wp-json\/wp\/v2\/posts\/1835\/revisions"}],"predecessor-version":[{"id":1842,"href":"https:\/\/supercritic.media\/index.php\/wp-json\/wp\/v2\/posts\/1835\/revisions\/1842"}],"wp:featuredmedia":[{"embeddable":true,"href":"https:\/\/supercritic.media\/index.php\/wp-json\/wp\/v2\/media\/1844"}],"wp:attachment":[{"href":"https:\/\/supercritic.media\/index.php\/wp-json\/wp\/v2\/media?parent=1835"}],"wp:term":[{"taxonomy":"category","embeddable":true,"href":"https:\/\/supercritic.media\/index.php\/wp-json\/wp\/v2\/categories?post=1835"},{"taxonomy":"post_tag","embeddable":true,"href":"https:\/\/supercritic.media\/index.php\/wp-json\/wp\/v2\/tags?post=1835"}],"curies":[{"name":"wp","href":"https:\/\/api.w.org\/{rel}","templated":true}]}}